{"id":11509,"date":"2022-04-13T10:51:48","date_gmt":"2022-04-13T08:51:48","guid":{"rendered":"https:\/\/www.lab-event.com\/?p=11509"},"modified":"2025-12-16T15:32:33","modified_gmt":"2025-12-16T14:32:33","slug":"how-to-manage-your-room-calendars-in-a-shared-way","status":"publish","type":"post","link":"https:\/\/www.lab-event.com\/en\/how-to-manage-your-room-calendars-in-a-shared-way\/","title":{"rendered":"How to manage your room calendars in a shared way?"},"content":{"rendered":"<div class=\"wpb-content-wrapper\"><p>[vc_row][vc_column][vc_column_text]<span style=\"font-weight: 400;\">Toute entreprise a besoin d\u2019outils pour communiquer en interne et <a href=\"https:\/\/www.lab-event.com\/en\/what-is-the-purpose-of-a-mission-sheet-in-an-event-location\/\">bien s\u2019organiser<\/a> afin d&#8217;accro\u00eetre sa productivit\u00e9.<\/span><\/p>\n<p><span style=\"font-weight: 400;\">Pour cela, il existe une multitude de solutions qui permettent l\u2019organisation du quotidien et un des outils cl\u00e9s pour une bonne gestion de projet est le calendrier partag\u00e9.<\/span><\/p>\n<h2><span style=\"font-weight: 400;\">Types de calendriers<\/span><\/h2>\n<p><span style=\"font-weight: 400;\">Actuellement, sur le march\u00e9 vous trouverez deux types de calendrier partag\u00e9:<\/span><\/p>\n<p><span style=\"font-weight: 400;\">Un <\/span><b>calendrier\/agenda <\/b><span style=\"font-weight: 400;\">qui vous permettra de consulter votre emploi du temps (et celui de votre \u00e9quipe) par jour, par semaine ou par mois, selon votre pr\u00e9f\u00e9rence.<\/span><\/p>\n<p><span style=\"font-weight: 400;\">Aussi, vous pourrez visualiser vos t\u00e2ches et celles de votre \u00e9quipe afin de vous permettre de <a href=\"https:\/\/www.lab-event.com\/en\/how-to-improve-communication-in-event-venues\/\">fluidifier la gestion de projets<\/a>.<\/span><\/p>\n<p><span style=\"font-weight: 400;\">D&#8217;autre part, si vous g\u00e9rez un <\/span><a href=\"https:\/\/www.lab-event.com\/en\/event-locations\/\"><b>lieu ou une salle \u00e9v\u00e9nementielle<\/b><\/a><span style=\"font-weight: 400;\"> et que vous travaillez en \u00e9quipe, vous aurez besoin de garder sous la main un <\/span><b>calendrier<\/b> <b>r\u00e9pertoriant tous vos \u00e9v\u00e9nements<\/b><span style=\"font-weight: 400;\"> et qui refl\u00e8te les disponibilit\u00e9s de vos espaces.<\/span><\/p>\n<h2><span style=\"font-weight: 400;\">Crit\u00e8res de s\u00e9lection d\u2019un calendrier<\/span><\/h2>\n<p><span style=\"font-weight: 400;\">Afin de bien choisir le bon outil de travail, il sera n\u00e9cessaire de tenir compte des crit\u00e8res tels que la facilit\u00e9 d\u2019utilisation de l&#8217;interface, l\u2019ergonomie des outils de planification dans le calendrier,\u00a0 la possibilit\u00e9 d&#8217;une synchronisation automatique avec le reste d\u2019utilisateurs et que ce soit un outil collaboratif .\u00a0<\/span><\/p>\n<h2><span style=\"font-weight: 400;\">Utilit\u00e9 d\u2019un calendrier par salles partag\u00e9<\/span><\/h2>\n<p><span style=\"font-weight: 400;\">Un calendrier partag\u00e9 donne acc\u00e8s \u00e0 toute votre \u00e9quipe aux disponibilit\u00e9s de vos salles en temps r\u00e9el et permet de vous engager avec un nouveau client imm\u00e9diatement.<\/span><\/p>\n<p><span style=\"font-weight: 400;\">Il vous permet de g\u00e9rer votre travail au quotidien, de contr\u00f4ler vos projets d\u2019un seul coup d&#8217;\u0153il et de faire <a href=\"https:\/\/www.lab-event.com\/en\/steps-to-increase-its-turnover-by-10-venue\/\" target=\"_blank\" rel=\"noopener\">augmenter votre chiffre d&#8217;affaires<\/a> tout en optimisant vos espaces.<\/span><\/p>\n<p><span style=\"font-weight: 400;\">En effet, si vous g\u00e9rez des espaces partag\u00e9s, comme des salles de r\u00e9union ou de r\u00e9ception, vous devez envisager l&#8217;utilisation d&#8217;un calendrier qui permette aux utilisateurs de r\u00e9server des \u00e9v\u00e9nements directement dessus.<\/span><\/p>\n<h2><span style=\"font-weight: 400;\">Avantages d\u2019un calendrier \u00e9v\u00e9nementiel partag\u00e9\u00a0<\/span><\/h2>\n<p><span style=\"font-weight: 400;\">L\u2019utilisation d\u2019un calendrier \u00e9v\u00e9nement partag\u00e9 vous apporte toute une s\u00e9rie d\u2019avantages tels que: la vue imm\u00e9diate et synth\u00e9tique de tous vos \u00e9v\u00e9nements, une collaboration facile avec d\u2019autres utilisateurs, la possibilit\u00e9 de r\u00e9pliquer les \u00e9v\u00e9nements sur plusieurs dates et une <a href=\"https:\/\/www.lab-event.com\/en\/what-are-the-3-best-software-to-better-manage-events-in-a-reception-venue\/\">gestion de chaque \u00e9v\u00e9nement<\/a> depuis le calendrier, avec la possibilit\u00e9 de le d\u00e9placer dans le temps.<\/span><\/p>\n<h2><span style=\"font-weight: 400;\"><img decoding=\"async\" class=\"aligncenter wp-image-11604 size-large\" src=\"https:\/\/www.lab-event.com\/wp-content\/uploads\/2022\/04\/Calendrier-par-salles-Lab-Event-1024x435.png\" alt=\"Calendrier par salles Lab Event\" width=\"1024\" height=\"435\" srcset=\"https:\/\/www.lab-event.com\/wp-content\/uploads\/2022\/04\/Calendrier-par-salles-Lab-Event-1024x435.png 1024w, https:\/\/www.lab-event.com\/wp-content\/uploads\/2022\/04\/Calendrier-par-salles-Lab-Event-300x127.png 300w, https:\/\/www.lab-event.com\/wp-content\/uploads\/2022\/04\/Calendrier-par-salles-Lab-Event-768x326.png 768w, https:\/\/www.lab-event.com\/wp-content\/uploads\/2022\/04\/Calendrier-par-salles-Lab-Event-1536x652.png 1536w, https:\/\/www.lab-event.com\/wp-content\/uploads\/2022\/04\/Calendrier-par-salles-Lab-Event.png 1833w\" sizes=\"(max-width: 1024px) 100vw, 1024px\" \/>Comment utiliser un calendrier \u00e9v\u00e9nementiel partag\u00e9?<\/span><\/h2>\n<p><span style=\"font-weight: 400;\">Avec le logiciel de gestion \u00e9v\u00e9nementiel <strong>Lab Event<\/strong> vous aurez une vision globale de votre programmation d&#8217;\u00e9v\u00e9nements \u00e0 venir, en utilisant le calendrier \u00e9v\u00e9nementiel partag\u00e9.<\/span><\/p>\n<p><span style=\"font-weight: 400;\">En effet, vous pouvez <a href=\"https:\/\/www.lab-event.com\/en\/our-venue-rental-software-advice\/\">v\u00e9rifier la disponibilit\u00e9 de vos salles<\/a> et cr\u00e9er directement un \u00e9v\u00e9nement. Il vous suffira de s\u00e9lectionner la plage horaire d\u00e9sir\u00e9e et une fen\u00eatre s&#8217;ouvrira pour permettre d\u2019indiquer l\u2019\u00e9tape de l\u2019\u00e9v\u00e9nement ainsi que les dates et horaires.<\/span><\/p>\n<p><span style=\"font-weight: 400;\">Le calendrier partag\u00e9 Lab Event vous permettra \u00e9galement de s\u00e9lectionner et visualiser uniquement les salles occup\u00e9es par des \u00e9v\u00e9nements sur une p\u00e9riode donn\u00e9e.<\/span>[\/vc_column_text][vc_empty_space][vc_empty_space][\/vc_column][\/vc_row][vc_row][vc_column][vc_column_text]<\/p>\n<h3 style=\"text-align: center;\">Vous aussi, passez \u00e0 la vitesse sup\u00e9rieure dans la gestion de vos \u00e9v\u00e9nements !<\/h3>\n<p>[\/vc_column_text]<style type=\"text\/css\" data-type=\"the7_shortcodes-inline-css\">#default-btn-3f7e48d127d3228e85048022db268993.ico-right-side > i {\n  margin-right: 0px;\n  margin-left: 8px;\n}\n#default-btn-3f7e48d127d3228e85048022db268993 > i {\n  margin-right: 8px;\n}<\/style><div class=\"btn-align-center\"><a href=\"https:\/\/www.lab-event.com\/demande-de-demo-landing-page\/\" class=\"default-btn-shortcode dt-btn dt-btn-l link-hover-off anchor-link \" id=\"default-btn-3f7e48d127d3228e85048022db268993\" title=\"Demande de d\u00e9mo\"><i class=\"icomoon-the7-font-the7-arrow-29\"><\/i><span>Demandez une d\u00e9mo gratuite et sans engagement<\/span><\/a><\/div>[vc_empty_space][\/vc_column][\/vc_row][vc_row][vc_column][vc_empty_space][vc_empty_space][\/vc_column][\/vc_row][vc_row][vc_column][vc_column_text]<\/p>\n<h2>Les avis de nos clients :<\/h2>\n<p>[\/vc_column_text][\/vc_column][\/vc_row][vc_row][vc_column][vc_raw_html]PCEtLSBCZWdpbiB3aWRnZXQgY29kZSAtLT4KPGRpdiBkYXRhLXJ3LXNsaWRlcj0iMjQ4NDUiPjwvZGl2Pgo8c2NyaXB0PnZhciBzY3JpcHQgPSBkb2N1bWVudC5jcmVhdGVFbGVtZW50KCJzY3JpcHQiKTtzY3JpcHQudHlwZSA9ICJtb2R1bGUiO3NjcmlwdC5zcmMgPSAiaHR0cHM6Ly93aWRnZXRzLnRoZXJldmlld3NwbGFjZS5jb20vMi4wL3J3LXdpZGdldC1zbGlkZXIuanMiO2RvY3VtZW50LmdldEVsZW1lbnRzQnlUYWdOYW1lKCJoZWFkIilbMF0uYXBwZW5kQ2hpbGQoc2NyaXB0KTs8L3NjcmlwdD4KPCEtLSBFbmQgd2lkZ2V0IGNvZGUgLS0+[\/vc_raw_html][\/vc_column][\/vc_row]<\/p>\n<\/div>","protected":false},"excerpt":{"rendered":"<p>[vc_row][vc_column][vc_column_text]Toute entreprise a besoin d\u2019outils pour communiquer en interne et bien s\u2019organiser afin d&#8217;accro\u00eetre sa productivit\u00e9. Pour cela, il existe une multitude de solutions qui permettent l\u2019organisation du quotidien et un des outils cl\u00e9s pour une bonne gestion de projet est le calendrier partag\u00e9. Types de calendriers Actuellement, sur le march\u00e9 vous trouverez deux types&hellip;<\/p>\n","protected":false},"author":25,"featured_media":11513,"comment_status":"closed","ping_status":"closed","sticky":false,"template":"","format":"standard","meta":{"footnotes":""},"categories":[103],"tags":[],"class_list":["post-11509","post","type-post","status-publish","format-standard","has-post-thumbnail","hentry","category-event-venues","category-103","description-off"],"_links":{"self":[{"href":"https:\/\/www.lab-event.com\/en\/wp-json\/wp\/v2\/posts\/11509","targetHints":{"allow":["GET"]}}],"collection":[{"href":"https:\/\/www.lab-event.com\/en\/wp-json\/wp\/v2\/posts"}],"about":[{"href":"https:\/\/www.lab-event.com\/en\/wp-json\/wp\/v2\/types\/post"}],"author":[{"embeddable":true,"href":"https:\/\/www.lab-event.com\/en\/wp-json\/wp\/v2\/users\/25"}],"replies":[{"embeddable":true,"href":"https:\/\/www.lab-event.com\/en\/wp-json\/wp\/v2\/comments?post=11509"}],"version-history":[{"count":22,"href":"https:\/\/www.lab-event.com\/en\/wp-json\/wp\/v2\/posts\/11509\/revisions"}],"predecessor-version":[{"id":32299,"href":"https:\/\/www.lab-event.com\/en\/wp-json\/wp\/v2\/posts\/11509\/revisions\/32299"}],"wp:featuredmedia":[{"embeddable":true,"href":"https:\/\/www.lab-event.com\/en\/wp-json\/wp\/v2\/media\/11513"}],"wp:attachment":[{"href":"https:\/\/www.lab-event.com\/en\/wp-json\/wp\/v2\/media?parent=11509"}],"wp:term":[{"taxonomy":"category","embeddable":true,"href":"https:\/\/www.lab-event.com\/en\/wp-json\/wp\/v2\/categories?post=11509"},{"taxonomy":"post_tag","embeddable":true,"href":"https:\/\/www.lab-event.com\/en\/wp-json\/wp\/v2\/tags?post=11509"}],"curies":[{"name":"wp","href":"https:\/\/api.w.org\/{rel}","templated":true}]}}